{"id":149,"date":"2026-01-05T04:31:00","date_gmt":"2026-01-05T04:31:00","guid":{"rendered":"https:\/\/acetchile.cl\/blog\/?p=149"},"modified":"2026-02-21T05:14:46","modified_gmt":"2026-02-21T05:14:46","slug":"seminario-paradojas-de-la-inmigracion-en-chile-entre-la-fuerza-de-trabajo-barata-y-el-racismo","status":"publish","type":"post","link":"https:\/\/acetchile.cl\/blog\/seminario-paradojas-de-la-inmigracion-en-chile-entre-la-fuerza-de-trabajo-barata-y-el-racismo\/","title":{"rendered":"Seminario paradojas de la inmigraci\u00f3n en Chile: entre la fuerza de trabajo barata y el racismo"},"content":{"rendered":"\n<div class=\"wp-block-columns is-layout-flex wp-container-core-columns-is-layout-28f84493 wp-block-columns-is-layout-flex\">\n<div class=\"wp-block-column is-layout-flow wp-block-column-is-layout-flow\">\n<p><strong><strong>22 de enero de 2026<\/strong> <\/strong>&#8211; Facultad de Ciencias Sociales. Ignacio Carrera Pinto 1045. \u00d1u\u00f1oa Auditorio Julieta Kirkwood<\/p>\n\n\n\n<p style=\"font-size:0.8rem\">Organiza Proyecto Fondecyt 1240125: \u201cTrayectorias laborales y precarizaci\u00f3n de los(as) migrantes en la Regi\u00f3nMetropolitana desde 1990 al presente\u201d<\/p>\n\n\n\n<hr class=\"wp-block-separator has-text-color has-primary-color has-alpha-channel-opacity has-primary-background-color has-background is-style-wide\"\/>\n\n\n\n<p><strong><span style=\"text-decoration: underline;\">MESA 1: 10:00 \u2013 11:30<\/span><\/strong><\/p>\n\n\n\n<p><strong>Migraciones y explotaci\u00f3n laboral en tiempos de capitalismo planetario<\/strong><\/p>\n\n\n\n<p>Vicente Valle:<em>Crisis de la sociedad del trabajo: Precarizaci\u00f3n laboral de personas migrantes en Chile.<\/em><\/p>\n\n\n\n<p>Gonzalo Dur\u00e1n:<em>Pobreza, Trabajo y Migraci\u00f3n. Nuevas estimaciones de pobreza en la poblaci\u00f3n migrante, inserci\u00f3n laboral y valor de la fuerza de trabajo.&nbsp;<\/em><\/p>\n\n\n\n<p><strong><span style=\"text-decoration: underline;\">MESA 2: 11:45 \u2013 13:15<\/span><\/strong><\/p>\n\n\n\n<p><strong>Ilusi\u00f3n migratoria y crueldad racista: personas migrantes atrapadas en los procesos de racializaci\u00f3n de la vida cotidiana<\/strong><\/p>\n\n\n\n<p>Irene Molina:<em>Capitalismo racial, espacios racializados y pol\u00edtica del despojo en Chile.<\/em><\/p>\n\n\n\n<p>Mar\u00eda Emilia Tijoux<em>: Sufrimiento social de los trabajadores migrantes en Chile.&nbsp;<\/em><\/p>\n\n\n\n<p>Constanza Ambiado<em>: Apropiaci\u00f3n de los cuerpos en espacios dom\u00e9sticos: aproximaciones al trabajo racializado de mujeres migrantes en la ciudad de Santiago.&nbsp;<\/em><\/p>\n\n\n\n<p>Modera: Rodrigo Utrera<\/p>\n\n\n\n<p><strong><span style=\"text-decoration: underline;\">MESA 3:14:30-16:00<\/span><\/strong><\/p>\n\n\n\n<p><strong>Agroindustria: trabajo precarizado y migraci\u00f3n en los campos chilenos<\/strong><\/p>\n\n\n\n<p>Diego Ani\u00f1ir: <em>Melipilla hoy: reproducci\u00f3n de la vida cotidiana de trabajadores migrantes.&nbsp;<\/em><\/p>\n\n\n\n<p>Ximena Vald\u00e9s:<em>El Maule hoy: Producci\u00f3n y reproducci\u00f3n de mercados cautivos de trabajo: de la hacienda al campamento.<\/em><\/p>\n\n\n\n<p>Modera: Pamela Caro Molina<\/p>\n\n\n\n<p><strong><span style=\"text-decoration: underline;\">MESA 4: 16:15 \u2013 17:45<\/span><\/strong><\/p>\n\n\n\n<p><strong>La migraci\u00f3n frente a la ley: irregularidad sist\u00e9mica mediada por el Estado<\/strong><\/p>\n\n\n\n<p>V\u00edctor Veloso<em>: La transformaci\u00f3n neoliberal de la soberan\u00eda y el giro securitario en la legislaci\u00f3n migratoria.&nbsp;<\/em><\/p>\n\n\n\n<p>Franz M\u00f6ller<em>: El rechazo sistem\u00e1tico a las peticiones de regularizaci\u00f3n migratoria: realidades y propuestas.&nbsp;<\/em><\/p>\n\n\n\n<p>Modera: Valentina Lastra<\/p>\n<\/div>\n\n\n\n<div class=\"wp-block-column is-layout-flow wp-block-column-is-layout-flow\"><\/div>\n<\/div>\n\n\n\n<div class=\"wp-block-buttons is-layout-flex wp-block-buttons-is-layout-flex\">\n<div class=\"wp-block-button\"><a class=\"wp-block-button__link wp-element-button\" href=\"https:\/\/docs.google.com\/document\/d\/1iqThjU952Dwh3jiV5b0oLShOrhubORnO\/edit?usp=sharing&amp;ouid=100763923298040077453&amp;rtpof=true&amp;sd=true\" target=\"_blank\" rel=\"noreferrer noopener\">M\u00e1s informaci\u00f3n<\/a><\/div>\n<\/div>\n","protected":false},"excerpt":{"rendered":"<p>22 de enero de 2026 &#8211; Facultad de Ciencias Sociales. Ignacio Carrera Pinto 1045. \u00d1u\u00f1oa Auditorio Julieta Kirkwood Organiza Proyecto Fondecyt 1240125: \u201cTrayectorias laborales y precarizaci\u00f3n de los(as) migrantes en la Regi\u00f3nMetropolitana desde 1990 al presente\u201d MESA 1: 10:00 \u2013 11:30 Migraciones y explotaci\u00f3n laboral en tiempos de capitalismo planetario Vicente Valle:Crisis de la sociedad [&hellip;]<\/p>\n","protected":false},"author":1,"featured_media":178,"comment_status":"closed","ping_status":"closed","sticky":false,"template":"","format":"standard","meta":{"inline_featured_image":false,"footnotes":""},"categories":[10],"tags":[],"class_list":["post-149","post","type-post","status-publish","format-standard","has-post-thumbnail","hentry","category-seminarios"],"_links":{"self":[{"href":"https:\/\/acetchile.cl\/blog\/wp-json\/wp\/v2\/posts\/149","targetHints":{"allow":["GET"]}}],"collection":[{"href":"https:\/\/acetchile.cl\/blog\/wp-json\/wp\/v2\/posts"}],"about":[{"href":"https:\/\/acetchile.cl\/blog\/wp-json\/wp\/v2\/types\/post"}],"author":[{"embeddable":true,"href":"https:\/\/acetchile.cl\/blog\/wp-json\/wp\/v2\/users\/1"}],"replies":[{"embeddable":true,"href":"https:\/\/acetchile.cl\/blog\/wp-json\/wp\/v2\/comments?post=149"}],"version-history":[{"count":5,"href":"https:\/\/acetchile.cl\/blog\/wp-json\/wp\/v2\/posts\/149\/revisions"}],"predecessor-version":[{"id":155,"href":"https:\/\/acetchile.cl\/blog\/wp-json\/wp\/v2\/posts\/149\/revisions\/155"}],"wp:featuredmedia":[{"embeddable":true,"href":"https:\/\/acetchile.cl\/blog\/wp-json\/wp\/v2\/media\/178"}],"wp:attachment":[{"href":"https:\/\/acetchile.cl\/blog\/wp-json\/wp\/v2\/media?parent=149"}],"wp:term":[{"taxonomy":"category","embeddable":true,"href":"https:\/\/acetchile.cl\/blog\/wp-json\/wp\/v2\/categories?post=149"},{"taxonomy":"post_tag","embeddable":true,"href":"https:\/\/acetchile.cl\/blog\/wp-json\/wp\/v2\/tags?post=149"}],"curies":[{"name":"wp","href":"https:\/\/api.w.org\/{rel}","templated":true}]}}